{"id":5130,"date":"2015-11-01T22:16:11","date_gmt":"2015-11-02T03:16:11","guid":{"rendered":"http:\/\/aptgadget.com\/?p=5130"},"modified":"2015-11-01T22:18:55","modified_gmt":"2015-11-02T03:18:55","slug":"apple-pencil-will-have-a-second-charging-method-company-details-in-new-report","status":"publish","type":"post","link":"https:\/\/aptgadget.com\/de\/apple-pencil-will-have-a-second-charging-method-company-details-in-new-report\/","title":{"rendered":"Apple Pencil wird eine zweite Lademethode haben, so das Unternehmen in einem neuen Bericht"},"content":{"rendered":"<p>Das iPad Pro <a href=\"https:\/\/aptgadget.com\/de\/apple-to-sell-rookie-ipad-pro-on-veterans-day\/\">wird am 11. November erscheinen<\/a>die nur noch 10 Tage entfernt ist, und wie zu erwarten, wird auch der Apple Pencil um diese Zeit sein Deb\u00fct geben. Als Apple die B\u00fchne betrat, um das iPad Pro anzuk\u00fcndigen, betonte das Unternehmen auch, wie der Apple Pencil an der Unterseite des iPad Pro angeschlossen wird, um aufgeladen zu werden. Es ist interessant, dass Apple f\u00fcr den Apple Pencil das Aufladen vorschreibt; Samsungs S Pen muss nicht aufgeladen werden, warum also sollte der Apple-Stift das tun?<\/p>\n<p>Es sieht so aus, als ob Apple den Ladevorgang f\u00fcr den Eingabestift durchdacht hat und dabei etwas vergessen zu haben scheint. Was ist es? Einem neuen Bericht zufolge wird Apple mit der Ankunft des iPad Pro in den Apple Stores am 11. November noch etwas anderes Neues mitbringen: eine zus\u00e4tzliche M\u00f6glichkeit, den Apple Pencil aufzuladen. Neben der iPad-Ladeoption wird der Apple Pencil nun auch USB-Ladekompatibel sein.<\/p>\n<p>Dies scheint eine gut durchdachte Idee zu sein, vor allem, da einige Personen ihr iPad Pro am 0% finden k\u00f6nnten, wenn die Batterie leer ist. Zu diesem Zeitpunkt k\u00f6nnte kein Verbraucher sein Ger\u00e4t mit einem leeren iPad Pro aufladen, das selbst aufgeladen werden muss, sodass Apple Pencil-Nutzer auf eine alternative Ladequelle wie eine Steckdose angewiesen w\u00e4ren. Wir denken, dass dies ein Schritt in die richtige Richtung f\u00fcr Apple ist, aber zwei Lademethoden f\u00fcr den Apple Pencil zu haben, sind zwei Methoden \"zu\" viel. Apple h\u00e4tte von vornherein keine Lademethoden f\u00fcr den Apple Pencil einf\u00fchren sollen. Ja, ein paar Minuten Aufladen k\u00f6nnen 12 Stunden Akkulaufzeit bringen - aber was n\u00fctzt ein Apple Pencil, wenn der Akku leer ist?<\/p>\n<p><a href=\"http:\/\/9to5mac.com\/2015\/10\/29\/ipad-pro-applecare-staff-given-nov-6-training-deadline-pencil-charging-adapter-detailed\/\" target=\"_blank\" rel=\"noopener\">Quelle<\/a><\/p>","protected":false},"excerpt":{"rendered":"<p>The iPad Pro will arrive on November 11th, which is only 10 days away, and, as to be expected, the Apple Pencil will also make its debut around that time. When Apple took to the stage to announce the iPad Pro, the company also emphasized how the Apple Pencil connects to the bottom of the &hellip;<\/p>","protected":false},"author":17,"featured_media":5131,"comment_status":"open","ping_status":"open","sticky":false,"template":"","format":"standard","meta":{"footnotes":""},"categories":[10],"tags":[],"class_list":["post-5130","post","type-post","status-publish","format-standard","has-post-thumbnail","hentry","category-news"],"yoast_head":"<!-- This site is optimized with the Yoast SEO Premium plugin v27.1 (Yoast SEO v27.1.1) - https:\/\/yoast.com\/product\/yoast-seo-premium-wordpress\/ -->\n<title>Apple Pencil will have a second charging method, company details in new report - AptGadget.com<\/title>\n<meta name=\"description\" content=\"The Apple Pencil will become USB-charging compatible, if a new report from Apple is to be believed. The iPad Pro and the writing device will arrive soon.\" \/>\n<meta name=\"robots\" content=\"index, follow, max-snippet:-1, max-image-preview:large, max-video-preview:-1\" \/>\n<link rel=\"canonical\" href=\"https:\/\/aptgadget.com\/de\/apple-pencil-will-have-a-second-charging-method-company-details-in-new-report\/\" \/>\n<meta property=\"og:locale\" content=\"de_DE\" \/>\n<meta property=\"og:type\" content=\"article\" \/>\n<meta property=\"og:title\" content=\"Apple Pencil will have a second charging method, company details in new report\" \/>\n<meta property=\"og:description\" content=\"The Apple Pencil will become USB-charging compatible, if a new report from Apple is to be believed. The iPad Pro and the writing device will arrive soon.\" \/>\n<meta property=\"og:url\" content=\"https:\/\/aptgadget.com\/de\/apple-pencil-will-have-a-second-charging-method-company-details-in-new-report\/\" \/>\n<meta property=\"og:site_name\" content=\"AptGadget.com\" \/>\n<meta property=\"article:published_time\" content=\"2015-11-02T03:16:11+00:00\" \/>\n<meta property=\"article:modified_time\" content=\"2015-11-02T03:18:55+00:00\" \/>\n<meta property=\"og:image\" content=\"https:\/\/aptgadget.com\/wp-content\/uploads\/2015\/11\/Pencil.png\" \/>\n\t<meta property=\"og:image:width\" content=\"920\" \/>\n\t<meta property=\"og:image:height\" content=\"492\" \/>\n\t<meta property=\"og:image:type\" content=\"image\/png\" \/>\n<meta name=\"author\" content=\"Deidre Richardson\" \/>\n<meta name=\"twitter:label1\" content=\"Verfasst von\" \/>\n\t<meta name=\"twitter:data1\" content=\"Deidre Richardson\" \/>\n\t<meta name=\"twitter:label2\" content=\"Gesch\u00e4tzte Lesezeit\" \/>\n\t<meta name=\"twitter:data2\" content=\"1\u00a0Minute\" \/>\n<script type=\"application\/ld+json\" class=\"yoast-schema-graph\">{\"@context\":\"https:\/\/schema.org\",\"@graph\":[{\"@type\":\"Article\",\"@id\":\"https:\/\/aptgadget.com\/apple-pencil-will-have-a-second-charging-method-company-details-in-new-report\/#article\",\"isPartOf\":{\"@id\":\"https:\/\/aptgadget.com\/apple-pencil-will-have-a-second-charging-method-company-details-in-new-report\/\"},\"author\":{\"name\":\"Deidre Richardson\",\"@id\":\"https:\/\/aptgadget.com\/#\/schema\/person\/850595301315ce274683e56ff4e6688c\"},\"headline\":\"Apple Pencil will have a second charging method, company details in new report\",\"datePublished\":\"2015-11-02T03:16:11+00:00\",\"dateModified\":\"2015-11-02T03:18:55+00:00\",\"mainEntityOfPage\":{\"@id\":\"https:\/\/aptgadget.com\/apple-pencil-will-have-a-second-charging-method-company-details-in-new-report\/\"},\"wordCount\":295,\"commentCount\":0,\"image\":{\"@id\":\"https:\/\/aptgadget.com\/apple-pencil-will-have-a-second-charging-method-company-details-in-new-report\/#primaryimage\"},\"thumbnailUrl\":\"https:\/\/aptgadget.com\/wp-content\/uploads\/2015\/11\/Pencil.png\",\"articleSection\":[\"News\"],\"inLanguage\":\"de\",\"potentialAction\":[{\"@type\":\"CommentAction\",\"name\":\"Comment\",\"target\":[\"https:\/\/aptgadget.com\/apple-pencil-will-have-a-second-charging-method-company-details-in-new-report\/#respond\"]}]},{\"@type\":\"WebPage\",\"@id\":\"https:\/\/aptgadget.com\/apple-pencil-will-have-a-second-charging-method-company-details-in-new-report\/\",\"url\":\"https:\/\/aptgadget.com\/apple-pencil-will-have-a-second-charging-method-company-details-in-new-report\/\",\"name\":\"Apple Pencil will have a second charging method, company details in new report - AptGadget.com\",\"isPartOf\":{\"@id\":\"https:\/\/aptgadget.com\/#website\"},\"primaryImageOfPage\":{\"@id\":\"https:\/\/aptgadget.com\/apple-pencil-will-have-a-second-charging-method-company-details-in-new-report\/#primaryimage\"},\"image\":{\"@id\":\"https:\/\/aptgadget.com\/apple-pencil-will-have-a-second-charging-method-company-details-in-new-report\/#primaryimage\"},\"thumbnailUrl\":\"https:\/\/aptgadget.com\/wp-content\/uploads\/2015\/11\/Pencil.png\",\"datePublished\":\"2015-11-02T03:16:11+00:00\",\"dateModified\":\"2015-11-02T03:18:55+00:00\",\"author\":{\"@id\":\"https:\/\/aptgadget.com\/#\/schema\/person\/850595301315ce274683e56ff4e6688c\"},\"description\":\"The Apple Pencil will become USB-charging compatible, if a new report from Apple is to be believed. The iPad Pro and the writing device will arrive soon.\",\"breadcrumb\":{\"@id\":\"https:\/\/aptgadget.com\/apple-pencil-will-have-a-second-charging-method-company-details-in-new-report\/#breadcrumb\"},\"inLanguage\":\"de\",\"potentialAction\":[{\"@type\":\"ReadAction\",\"target\":[\"https:\/\/aptgadget.com\/apple-pencil-will-have-a-second-charging-method-company-details-in-new-report\/\"]}]},{\"@type\":\"ImageObject\",\"inLanguage\":\"de\",\"@id\":\"https:\/\/aptgadget.com\/apple-pencil-will-have-a-second-charging-method-company-details-in-new-report\/#primaryimage\",\"url\":\"https:\/\/aptgadget.com\/wp-content\/uploads\/2015\/11\/Pencil.png\",\"contentUrl\":\"https:\/\/aptgadget.com\/wp-content\/uploads\/2015\/11\/Pencil.png\",\"width\":920,\"height\":492},{\"@type\":\"BreadcrumbList\",\"@id\":\"https:\/\/aptgadget.com\/apple-pencil-will-have-a-second-charging-method-company-details-in-new-report\/#breadcrumb\",\"itemListElement\":[{\"@type\":\"ListItem\",\"position\":1,\"name\":\"Home\",\"item\":\"https:\/\/aptgadget.com\/\"},{\"@type\":\"ListItem\",\"position\":2,\"name\":\"Apple Pencil will have a second charging method, company details in new report\"}]},{\"@type\":\"WebSite\",\"@id\":\"https:\/\/aptgadget.com\/#website\",\"url\":\"https:\/\/aptgadget.com\/\",\"name\":\"AptGadget.com\",\"description\":\"Technology Reviews, Products and News\",\"potentialAction\":[{\"@type\":\"SearchAction\",\"target\":{\"@type\":\"EntryPoint\",\"urlTemplate\":\"https:\/\/aptgadget.com\/?s={search_term_string}\"},\"query-input\":{\"@type\":\"PropertyValueSpecification\",\"valueRequired\":true,\"valueName\":\"search_term_string\"}}],\"inLanguage\":\"de\"},{\"@type\":\"Person\",\"@id\":\"https:\/\/aptgadget.com\/#\/schema\/person\/850595301315ce274683e56ff4e6688c\",\"name\":\"Deidre Richardson\",\"image\":{\"@type\":\"ImageObject\",\"inLanguage\":\"de\",\"@id\":\"https:\/\/aptgadget.com\/#\/schema\/person\/image\/\",\"url\":\"https:\/\/secure.gravatar.com\/avatar\/0843267876cf256ec63d9a9245ff444ec923b47544dfad90c37991f31cf7a629?s=96&d=mm&r=g\",\"contentUrl\":\"https:\/\/secure.gravatar.com\/avatar\/0843267876cf256ec63d9a9245ff444ec923b47544dfad90c37991f31cf7a629?s=96&d=mm&r=g\",\"caption\":\"Deidre Richardson\"},\"description\":\"Deidre Richardson (dual B.A., History and Music, University of North Carolina at Chapel Hill) stumbled upon tech a little later in life than expected. After picking up her first smartphone (the Galaxy S3), the rest is history. She currently writes for SamMobile, the largest Samsung fan site worldwide, as well as smartwatch site smartwatch.me.\",\"url\":\"https:\/\/aptgadget.com\/de\/author\/rd31dre\/\"}]}<\/script>\n<!-- \/ Yoast SEO Premium plugin. -->","yoast_head_json":{"title":"Apple Pencil will have a second charging method, company details in new report - AptGadget.com","description":"The Apple Pencil will become USB-charging compatible, if a new report from Apple is to be believed. The iPad Pro and the writing device will arrive soon.","robots":{"index":"index","follow":"follow","max-snippet":"max-snippet:-1","max-image-preview":"max-image-preview:large","max-video-preview":"max-video-preview:-1"},"canonical":"https:\/\/aptgadget.com\/de\/apple-pencil-will-have-a-second-charging-method-company-details-in-new-report\/","og_locale":"de_DE","og_type":"article","og_title":"Apple Pencil will have a second charging method, company details in new report","og_description":"The Apple Pencil will become USB-charging compatible, if a new report from Apple is to be believed. The iPad Pro and the writing device will arrive soon.","og_url":"https:\/\/aptgadget.com\/de\/apple-pencil-will-have-a-second-charging-method-company-details-in-new-report\/","og_site_name":"AptGadget.com","article_published_time":"2015-11-02T03:16:11+00:00","article_modified_time":"2015-11-02T03:18:55+00:00","og_image":[{"width":920,"height":492,"url":"https:\/\/aptgadget.com\/wp-content\/uploads\/2015\/11\/Pencil.png","type":"image\/png"}],"author":"Deidre Richardson","twitter_misc":{"Verfasst von":"Deidre Richardson","Gesch\u00e4tzte Lesezeit":"1\u00a0Minute"},"schema":{"@context":"https:\/\/schema.org","@graph":[{"@type":"Article","@id":"https:\/\/aptgadget.com\/apple-pencil-will-have-a-second-charging-method-company-details-in-new-report\/#article","isPartOf":{"@id":"https:\/\/aptgadget.com\/apple-pencil-will-have-a-second-charging-method-company-details-in-new-report\/"},"author":{"name":"Deidre Richardson","@id":"https:\/\/aptgadget.com\/#\/schema\/person\/850595301315ce274683e56ff4e6688c"},"headline":"Apple Pencil will have a second charging method, company details in new report","datePublished":"2015-11-02T03:16:11+00:00","dateModified":"2015-11-02T03:18:55+00:00","mainEntityOfPage":{"@id":"https:\/\/aptgadget.com\/apple-pencil-will-have-a-second-charging-method-company-details-in-new-report\/"},"wordCount":295,"commentCount":0,"image":{"@id":"https:\/\/aptgadget.com\/apple-pencil-will-have-a-second-charging-method-company-details-in-new-report\/#primaryimage"},"thumbnailUrl":"https:\/\/aptgadget.com\/wp-content\/uploads\/2015\/11\/Pencil.png","articleSection":["News"],"inLanguage":"de","potentialAction":[{"@type":"CommentAction","name":"Comment","target":["https:\/\/aptgadget.com\/apple-pencil-will-have-a-second-charging-method-company-details-in-new-report\/#respond"]}]},{"@type":"WebPage","@id":"https:\/\/aptgadget.com\/apple-pencil-will-have-a-second-charging-method-company-details-in-new-report\/","url":"https:\/\/aptgadget.com\/apple-pencil-will-have-a-second-charging-method-company-details-in-new-report\/","name":"Apple Pencil will have a second charging method, company details in new report - AptGadget.com","isPartOf":{"@id":"https:\/\/aptgadget.com\/#website"},"primaryImageOfPage":{"@id":"https:\/\/aptgadget.com\/apple-pencil-will-have-a-second-charging-method-company-details-in-new-report\/#primaryimage"},"image":{"@id":"https:\/\/aptgadget.com\/apple-pencil-will-have-a-second-charging-method-company-details-in-new-report\/#primaryimage"},"thumbnailUrl":"https:\/\/aptgadget.com\/wp-content\/uploads\/2015\/11\/Pencil.png","datePublished":"2015-11-02T03:16:11+00:00","dateModified":"2015-11-02T03:18:55+00:00","author":{"@id":"https:\/\/aptgadget.com\/#\/schema\/person\/850595301315ce274683e56ff4e6688c"},"description":"The Apple Pencil will become USB-charging compatible, if a new report from Apple is to be believed. The iPad Pro and the writing device will arrive soon.","breadcrumb":{"@id":"https:\/\/aptgadget.com\/apple-pencil-will-have-a-second-charging-method-company-details-in-new-report\/#breadcrumb"},"inLanguage":"de","potentialAction":[{"@type":"ReadAction","target":["https:\/\/aptgadget.com\/apple-pencil-will-have-a-second-charging-method-company-details-in-new-report\/"]}]},{"@type":"ImageObject","inLanguage":"de","@id":"https:\/\/aptgadget.com\/apple-pencil-will-have-a-second-charging-method-company-details-in-new-report\/#primaryimage","url":"https:\/\/aptgadget.com\/wp-content\/uploads\/2015\/11\/Pencil.png","contentUrl":"https:\/\/aptgadget.com\/wp-content\/uploads\/2015\/11\/Pencil.png","width":920,"height":492},{"@type":"BreadcrumbList","@id":"https:\/\/aptgadget.com\/apple-pencil-will-have-a-second-charging-method-company-details-in-new-report\/#breadcrumb","itemListElement":[{"@type":"ListItem","position":1,"name":"Home","item":"https:\/\/aptgadget.com\/"},{"@type":"ListItem","position":2,"name":"Apple Pencil will have a second charging method, company details in new report"}]},{"@type":"WebSite","@id":"https:\/\/aptgadget.com\/#website","url":"https:\/\/aptgadget.com\/","name":"AptGadget.com","description":"Technology Reviews, Products and News","potentialAction":[{"@type":"SearchAction","target":{"@type":"EntryPoint","urlTemplate":"https:\/\/aptgadget.com\/?s={search_term_string}"},"query-input":{"@type":"PropertyValueSpecification","valueRequired":true,"valueName":"search_term_string"}}],"inLanguage":"de"},{"@type":"Person","@id":"https:\/\/aptgadget.com\/#\/schema\/person\/850595301315ce274683e56ff4e6688c","name":"Deidre Richardson","image":{"@type":"ImageObject","inLanguage":"de","@id":"https:\/\/aptgadget.com\/#\/schema\/person\/image\/","url":"https:\/\/secure.gravatar.com\/avatar\/0843267876cf256ec63d9a9245ff444ec923b47544dfad90c37991f31cf7a629?s=96&d=mm&r=g","contentUrl":"https:\/\/secure.gravatar.com\/avatar\/0843267876cf256ec63d9a9245ff444ec923b47544dfad90c37991f31cf7a629?s=96&d=mm&r=g","caption":"Deidre Richardson"},"description":"Deidre Richardson (dual B.A., History and Music, University of North Carolina at Chapel Hill) stumbled upon tech a little later in life than expected. After picking up her first smartphone (the Galaxy S3), the rest is history. She currently writes for SamMobile, the largest Samsung fan site worldwide, as well as smartwatch site smartwatch.me.","url":"https:\/\/aptgadget.com\/de\/author\/rd31dre\/"}]}},"_links":{"self":[{"href":"https:\/\/aptgadget.com\/de\/wp-json\/wp\/v2\/posts\/5130","targetHints":{"allow":["GET"]}}],"collection":[{"href":"https:\/\/aptgadget.com\/de\/wp-json\/wp\/v2\/posts"}],"about":[{"href":"https:\/\/aptgadget.com\/de\/wp-json\/wp\/v2\/types\/post"}],"author":[{"embeddable":true,"href":"https:\/\/aptgadget.com\/de\/wp-json\/wp\/v2\/users\/17"}],"replies":[{"embeddable":true,"href":"https:\/\/aptgadget.com\/de\/wp-json\/wp\/v2\/comments?post=5130"}],"version-history":[{"count":2,"href":"https:\/\/aptgadget.com\/de\/wp-json\/wp\/v2\/posts\/5130\/revisions"}],"predecessor-version":[{"id":5133,"href":"https:\/\/aptgadget.com\/de\/wp-json\/wp\/v2\/posts\/5130\/revisions\/5133"}],"wp:featuredmedia":[{"embeddable":true,"href":"https:\/\/aptgadget.com\/de\/wp-json\/wp\/v2\/media\/5131"}],"wp:attachment":[{"href":"https:\/\/aptgadget.com\/de\/wp-json\/wp\/v2\/media?parent=5130"}],"wp:term":[{"taxonomy":"category","embeddable":true,"href":"https:\/\/aptgadget.com\/de\/wp-json\/wp\/v2\/categories?post=5130"},{"taxonomy":"post_tag","embeddable":true,"href":"https:\/\/aptgadget.com\/de\/wp-json\/wp\/v2\/tags?post=5130"}],"curies":[{"name":"wp","href":"https:\/\/api.w.org\/{rel}","templated":true}]}}