{"id":7815,"date":"2016-03-20T23:27:46","date_gmt":"2016-03-21T03:27:46","guid":{"rendered":"http:\/\/aptgadget.com\/?p=7815"},"modified":"2016-03-20T23:27:46","modified_gmt":"2016-03-21T03:27:46","slug":"smaller-ipad-pro-to-have-32gb-of-starting-storage-9-7-inch-display-12mp-camera-and-4k-video","status":"publish","type":"post","link":"https:\/\/aptgadget.com\/fr\/smaller-ipad-pro-to-have-32gb-of-starting-storage-9-7-inch-display-12mp-camera-and-4k-video\/","title":{"rendered":"L'iPad Pro plus petit aura 32 Go de stockage initial, un \u00e9cran de 9,7 pouces, un appareil photo de 12 Mpx et de la vid\u00e9o 4K"},"content":{"rendered":"<p>Apple s'appr\u00eate \u00e0 d\u00e9voiler l'iPhone 4 pouces, d\u00e9sormais confirm\u00e9 comme \u00e9tant l'iPhone SE, demain 21 mars \u00e0 10 heures, heure du Pacifique (13 heures, heure de l'Est), mais des sources indiquent qu'un iPad Pro plus petit, de 9,7 pouces, est \u00e9galement en pr\u00e9paration pour l'annonce. Peu de d\u00e9tails ont \u00e9t\u00e9 r\u00e9v\u00e9l\u00e9s, mais nous savons maintenant que l'iPad Pro plus petit aura un \u00e9cran de 9,7 pouces (apr\u00e8s l'iPad Air), mais qu'il aura de meilleures sp\u00e9cifications que la s\u00e9rie actuelle d'iPad Air.<\/p>\n<p>Dans ce qui pourrait s'av\u00e9rer \u00eatre une surprise pour certains, Apple a l'intention de donner \u00e0 l'iPad Pro, plus petit, 32 Go de stockage au lieu des 16 Go de stockage de base qui sont fournis avec la s\u00e9rie iPad Air. Dans le m\u00eame ordre d'id\u00e9es, l'iPad Pro sera dot\u00e9 d'un appareil photo de 12 m\u00e9gapixels au lieu des 8 m\u00e9gapixels que l'on trouve actuellement dans la s\u00e9rie iPad Air, ainsi que d'un syst\u00e8me d'enregistrement vid\u00e9o 4K (pour ceux qui utilisent leur iPad pour presque tout faire). Une puce de processeur A9X sera sous le capot, apportant ce qui pourrait s'av\u00e9rer \u00eatre une grande am\u00e9lioration sur la sc\u00e8ne graphique. L'iPad Pro 9,7 pouces fonctionnera probablement sous iOS 9.3, mais il faudra attendre l'annonce pour le confirmer.<\/p>\n<p>Quant au prix de d\u00e9part, vous pouvez vous attendre \u00e0 devoir d\u00e9bourser de l'argent : l'iPad Pro commencera \u00e0 $599 pour 32 Go, ce qui correspond \u00e0 la s\u00e9rie actuelle d'iPad Air ; l'exception cette fois est qu'Apple ne semble pas proposer un iPad Pro 9,7 pouces de 16 Go - alors que Cupertino propose un mod\u00e8le de 16 Go avec l'iPad Air. Apple cherche \u00e0 renforcer son petit iPad (9,7 pouces est maintenant petit, compar\u00e9 \u00e0 l'iPad Pro de 13,3 pouces) afin de stimuler les ventes, mais certains disent que la tendance \u00e0 la baisse des ventes de tablettes ne s'arr\u00eatera pas de sit\u00f4t. Il s'av\u00e8re que la plupart des personnes changent de t\u00e9l\u00e9phone parce que les smartphones permettent de faire beaucoup de choses en d\u00e9placement avec une grande portabilit\u00e9, mais les tablettes changent aussi lentement que les ordinateurs portables et les PC : certains ne voient tout simplement pas la n\u00e9cessit\u00e9 de les remplacer, le taux de remplacement moyen des tablettes \u00e9tant d'environ tous les 4 \u00e0 5 ans. Nous ne savons pas si l'iPad Pro 9,7 pouces suffira \u00e0 inverser la tendance, mais Apple a introduit l'Apple Pencil sur l'iPad Pro 13,3 pouces afin d'attirer les artistes. Peut-\u00eatre que les professionnels, les artistes et les musiciens trouveront dans l'iPad Pro 9,7 pouces, \u00e0 c\u00f4t\u00e9 de l'iPad 13,3 pouces, un changement rafra\u00eechissant.<\/p>\n<p><a href=\"http:\/\/9to5mac.com\/2016\/03\/18\/ipad=pro-9-7-inch-pricing-capacities\/\" target=\"_blank\" rel=\"noopener\">Source<\/a><\/p>","protected":false},"excerpt":{"rendered":"<p>Apple is all set to reveal the 4-inch iPhone, now confirmed as the iPhone SE, on tomorrow, March 21st at 10AM Pacific Time (1PM EST), but sources say that a smaller, 9.7-inch iPad Pro is getting prepped for the announcement as well. Few details have emerged, but what we now know is that the smaller &hellip;<\/p>","protected":false},"author":17,"featured_media":5112,"comment_status":"open","ping_status":"open","sticky":false,"template":"","format":"standard","meta":{"footnotes":""},"categories":[10],"tags":[],"class_list":["post-7815","post","type-post","status-publish","format-standard","has-post-thumbnail","hentry","category-news"],"yoast_head":"<!-- This site is optimized with the Yoast SEO Premium plugin v27.1 (Yoast SEO v27.1.1) - https:\/\/yoast.com\/product\/yoast-seo-premium-wordpress\/ -->\n<title>Smaller iPad Pro to have 32GB of starting storage, 9.7-inch display, 12MP camera, and 4K video - AptGadget.com<\/title>\n<meta name=\"description\" content=\"The 9.7-inch iPad Pro will complement its 13.3-inch sibling, featuring a 12MP camera, A9X processor chip, 4K video, and 32GB base storage for $599.\" \/>\n<meta name=\"robots\" content=\"index, follow, max-snippet:-1, max-image-preview:large, max-video-preview:-1\" \/>\n<link rel=\"canonical\" href=\"https:\/\/aptgadget.com\/fr\/smaller-ipad-pro-to-have-32gb-of-starting-storage-9-7-inch-display-12mp-camera-and-4k-video\/\" \/>\n<meta property=\"og:locale\" content=\"fr_FR\" \/>\n<meta property=\"og:type\" content=\"article\" \/>\n<meta property=\"og:title\" content=\"Smaller iPad Pro to have 32GB of starting storage, 9.7-inch display, 12MP camera, and 4K video\" \/>\n<meta property=\"og:description\" content=\"The 9.7-inch iPad Pro will complement its 13.3-inch sibling, featuring a 12MP camera, A9X processor chip, 4K video, and 32GB base storage for $599.\" \/>\n<meta property=\"og:url\" content=\"https:\/\/aptgadget.com\/fr\/smaller-ipad-pro-to-have-32gb-of-starting-storage-9-7-inch-display-12mp-camera-and-4k-video\/\" \/>\n<meta property=\"og:site_name\" content=\"AptGadget.com\" \/>\n<meta property=\"article:published_time\" content=\"2016-03-21T03:27:46+00:00\" \/>\n<meta property=\"og:image\" content=\"https:\/\/aptgadget.com\/wp-content\/uploads\/2015\/10\/apple-event-sept9-2015-ipadpro-2950.jpg\" \/>\n\t<meta property=\"og:image:width\" content=\"770\" \/>\n\t<meta property=\"og:image:height\" content=\"433\" \/>\n\t<meta property=\"og:image:type\" content=\"image\/jpeg\" \/>\n<meta name=\"author\" content=\"Deidre Richardson\" \/>\n<meta name=\"twitter:label1\" content=\"\u00c9crit par\" \/>\n\t<meta name=\"twitter:data1\" content=\"Deidre Richardson\" \/>\n\t<meta name=\"twitter:label2\" content=\"Dur\u00e9e de lecture estim\u00e9e\" \/>\n\t<meta name=\"twitter:data2\" content=\"2 minutes\" \/>\n<script type=\"application\/ld+json\" class=\"yoast-schema-graph\">{\"@context\":\"https:\/\/schema.org\",\"@graph\":[{\"@type\":\"Article\",\"@id\":\"https:\/\/aptgadget.com\/smaller-ipad-pro-to-have-32gb-of-starting-storage-9-7-inch-display-12mp-camera-and-4k-video\/#article\",\"isPartOf\":{\"@id\":\"https:\/\/aptgadget.com\/smaller-ipad-pro-to-have-32gb-of-starting-storage-9-7-inch-display-12mp-camera-and-4k-video\/\"},\"author\":{\"name\":\"Deidre Richardson\",\"@id\":\"https:\/\/aptgadget.com\/#\/schema\/person\/850595301315ce274683e56ff4e6688c\"},\"headline\":\"Smaller iPad Pro to have 32GB of starting storage, 9.7-inch display, 12MP camera, and 4K video\",\"datePublished\":\"2016-03-21T03:27:46+00:00\",\"mainEntityOfPage\":{\"@id\":\"https:\/\/aptgadget.com\/smaller-ipad-pro-to-have-32gb-of-starting-storage-9-7-inch-display-12mp-camera-and-4k-video\/\"},\"wordCount\":419,\"commentCount\":0,\"image\":{\"@id\":\"https:\/\/aptgadget.com\/smaller-ipad-pro-to-have-32gb-of-starting-storage-9-7-inch-display-12mp-camera-and-4k-video\/#primaryimage\"},\"thumbnailUrl\":\"https:\/\/aptgadget.com\/wp-content\/uploads\/2015\/10\/apple-event-sept9-2015-ipadpro-2950.jpg\",\"articleSection\":[\"News\"],\"inLanguage\":\"fr-FR\",\"potentialAction\":[{\"@type\":\"CommentAction\",\"name\":\"Comment\",\"target\":[\"https:\/\/aptgadget.com\/smaller-ipad-pro-to-have-32gb-of-starting-storage-9-7-inch-display-12mp-camera-and-4k-video\/#respond\"]}]},{\"@type\":\"WebPage\",\"@id\":\"https:\/\/aptgadget.com\/smaller-ipad-pro-to-have-32gb-of-starting-storage-9-7-inch-display-12mp-camera-and-4k-video\/\",\"url\":\"https:\/\/aptgadget.com\/smaller-ipad-pro-to-have-32gb-of-starting-storage-9-7-inch-display-12mp-camera-and-4k-video\/\",\"name\":\"Smaller iPad Pro to have 32GB of starting storage, 9.7-inch display, 12MP camera, and 4K video - AptGadget.com\",\"isPartOf\":{\"@id\":\"https:\/\/aptgadget.com\/#website\"},\"primaryImageOfPage\":{\"@id\":\"https:\/\/aptgadget.com\/smaller-ipad-pro-to-have-32gb-of-starting-storage-9-7-inch-display-12mp-camera-and-4k-video\/#primaryimage\"},\"image\":{\"@id\":\"https:\/\/aptgadget.com\/smaller-ipad-pro-to-have-32gb-of-starting-storage-9-7-inch-display-12mp-camera-and-4k-video\/#primaryimage\"},\"thumbnailUrl\":\"https:\/\/aptgadget.com\/wp-content\/uploads\/2015\/10\/apple-event-sept9-2015-ipadpro-2950.jpg\",\"datePublished\":\"2016-03-21T03:27:46+00:00\",\"author\":{\"@id\":\"https:\/\/aptgadget.com\/#\/schema\/person\/850595301315ce274683e56ff4e6688c\"},\"description\":\"The 9.7-inch iPad Pro will complement its 13.3-inch sibling, featuring a 12MP camera, A9X processor chip, 4K video, and 32GB base storage for $599.\",\"breadcrumb\":{\"@id\":\"https:\/\/aptgadget.com\/smaller-ipad-pro-to-have-32gb-of-starting-storage-9-7-inch-display-12mp-camera-and-4k-video\/#breadcrumb\"},\"inLanguage\":\"fr-FR\",\"potentialAction\":[{\"@type\":\"ReadAction\",\"target\":[\"https:\/\/aptgadget.com\/smaller-ipad-pro-to-have-32gb-of-starting-storage-9-7-inch-display-12mp-camera-and-4k-video\/\"]}]},{\"@type\":\"ImageObject\",\"inLanguage\":\"fr-FR\",\"@id\":\"https:\/\/aptgadget.com\/smaller-ipad-pro-to-have-32gb-of-starting-storage-9-7-inch-display-12mp-camera-and-4k-video\/#primaryimage\",\"url\":\"https:\/\/aptgadget.com\/wp-content\/uploads\/2015\/10\/apple-event-sept9-2015-ipadpro-2950.jpg\",\"contentUrl\":\"https:\/\/aptgadget.com\/wp-content\/uploads\/2015\/10\/apple-event-sept9-2015-ipadpro-2950.jpg\",\"width\":770,\"height\":433},{\"@type\":\"BreadcrumbList\",\"@id\":\"https:\/\/aptgadget.com\/smaller-ipad-pro-to-have-32gb-of-starting-storage-9-7-inch-display-12mp-camera-and-4k-video\/#breadcrumb\",\"itemListElement\":[{\"@type\":\"ListItem\",\"position\":1,\"name\":\"Home\",\"item\":\"https:\/\/aptgadget.com\/\"},{\"@type\":\"ListItem\",\"position\":2,\"name\":\"Smaller iPad Pro to have 32GB of starting storage, 9.7-inch display, 12MP camera, and 4K video\"}]},{\"@type\":\"WebSite\",\"@id\":\"https:\/\/aptgadget.com\/#website\",\"url\":\"https:\/\/aptgadget.com\/\",\"name\":\"AptGadget.com\",\"description\":\"Technology Reviews, Products and News\",\"potentialAction\":[{\"@type\":\"SearchAction\",\"target\":{\"@type\":\"EntryPoint\",\"urlTemplate\":\"https:\/\/aptgadget.com\/?s={search_term_string}\"},\"query-input\":{\"@type\":\"PropertyValueSpecification\",\"valueRequired\":true,\"valueName\":\"search_term_string\"}}],\"inLanguage\":\"fr-FR\"},{\"@type\":\"Person\",\"@id\":\"https:\/\/aptgadget.com\/#\/schema\/person\/850595301315ce274683e56ff4e6688c\",\"name\":\"Deidre Richardson\",\"image\":{\"@type\":\"ImageObject\",\"inLanguage\":\"fr-FR\",\"@id\":\"https:\/\/aptgadget.com\/#\/schema\/person\/image\/\",\"url\":\"https:\/\/secure.gravatar.com\/avatar\/0843267876cf256ec63d9a9245ff444ec923b47544dfad90c37991f31cf7a629?s=96&d=mm&r=g\",\"contentUrl\":\"https:\/\/secure.gravatar.com\/avatar\/0843267876cf256ec63d9a9245ff444ec923b47544dfad90c37991f31cf7a629?s=96&d=mm&r=g\",\"caption\":\"Deidre Richardson\"},\"description\":\"Deidre Richardson (dual B.A., History and Music, University of North Carolina at Chapel Hill) stumbled upon tech a little later in life than expected. After picking up her first smartphone (the Galaxy S3), the rest is history. She currently writes for SamMobile, the largest Samsung fan site worldwide, as well as smartwatch site smartwatch.me.\",\"url\":\"https:\/\/aptgadget.com\/fr\/author\/rd31dre\/\"}]}<\/script>\n<!-- \/ Yoast SEO Premium plugin. -->","yoast_head_json":{"title":"Smaller iPad Pro to have 32GB of starting storage, 9.7-inch display, 12MP camera, and 4K video - AptGadget.com","description":"The 9.7-inch iPad Pro will complement its 13.3-inch sibling, featuring a 12MP camera, A9X processor chip, 4K video, and 32GB base storage for $599.","robots":{"index":"index","follow":"follow","max-snippet":"max-snippet:-1","max-image-preview":"max-image-preview:large","max-video-preview":"max-video-preview:-1"},"canonical":"https:\/\/aptgadget.com\/fr\/smaller-ipad-pro-to-have-32gb-of-starting-storage-9-7-inch-display-12mp-camera-and-4k-video\/","og_locale":"fr_FR","og_type":"article","og_title":"Smaller iPad Pro to have 32GB of starting storage, 9.7-inch display, 12MP camera, and 4K video","og_description":"The 9.7-inch iPad Pro will complement its 13.3-inch sibling, featuring a 12MP camera, A9X processor chip, 4K video, and 32GB base storage for $599.","og_url":"https:\/\/aptgadget.com\/fr\/smaller-ipad-pro-to-have-32gb-of-starting-storage-9-7-inch-display-12mp-camera-and-4k-video\/","og_site_name":"AptGadget.com","article_published_time":"2016-03-21T03:27:46+00:00","og_image":[{"width":770,"height":433,"url":"https:\/\/aptgadget.com\/wp-content\/uploads\/2015\/10\/apple-event-sept9-2015-ipadpro-2950.jpg","type":"image\/jpeg"}],"author":"Deidre Richardson","twitter_misc":{"\u00c9crit par":"Deidre Richardson","Dur\u00e9e de lecture estim\u00e9e":"2 minutes"},"schema":{"@context":"https:\/\/schema.org","@graph":[{"@type":"Article","@id":"https:\/\/aptgadget.com\/smaller-ipad-pro-to-have-32gb-of-starting-storage-9-7-inch-display-12mp-camera-and-4k-video\/#article","isPartOf":{"@id":"https:\/\/aptgadget.com\/smaller-ipad-pro-to-have-32gb-of-starting-storage-9-7-inch-display-12mp-camera-and-4k-video\/"},"author":{"name":"Deidre Richardson","@id":"https:\/\/aptgadget.com\/#\/schema\/person\/850595301315ce274683e56ff4e6688c"},"headline":"Smaller iPad Pro to have 32GB of starting storage, 9.7-inch display, 12MP camera, and 4K video","datePublished":"2016-03-21T03:27:46+00:00","mainEntityOfPage":{"@id":"https:\/\/aptgadget.com\/smaller-ipad-pro-to-have-32gb-of-starting-storage-9-7-inch-display-12mp-camera-and-4k-video\/"},"wordCount":419,"commentCount":0,"image":{"@id":"https:\/\/aptgadget.com\/smaller-ipad-pro-to-have-32gb-of-starting-storage-9-7-inch-display-12mp-camera-and-4k-video\/#primaryimage"},"thumbnailUrl":"https:\/\/aptgadget.com\/wp-content\/uploads\/2015\/10\/apple-event-sept9-2015-ipadpro-2950.jpg","articleSection":["News"],"inLanguage":"fr-FR","potentialAction":[{"@type":"CommentAction","name":"Comment","target":["https:\/\/aptgadget.com\/smaller-ipad-pro-to-have-32gb-of-starting-storage-9-7-inch-display-12mp-camera-and-4k-video\/#respond"]}]},{"@type":"WebPage","@id":"https:\/\/aptgadget.com\/smaller-ipad-pro-to-have-32gb-of-starting-storage-9-7-inch-display-12mp-camera-and-4k-video\/","url":"https:\/\/aptgadget.com\/smaller-ipad-pro-to-have-32gb-of-starting-storage-9-7-inch-display-12mp-camera-and-4k-video\/","name":"Smaller iPad Pro to have 32GB of starting storage, 9.7-inch display, 12MP camera, and 4K video - AptGadget.com","isPartOf":{"@id":"https:\/\/aptgadget.com\/#website"},"primaryImageOfPage":{"@id":"https:\/\/aptgadget.com\/smaller-ipad-pro-to-have-32gb-of-starting-storage-9-7-inch-display-12mp-camera-and-4k-video\/#primaryimage"},"image":{"@id":"https:\/\/aptgadget.com\/smaller-ipad-pro-to-have-32gb-of-starting-storage-9-7-inch-display-12mp-camera-and-4k-video\/#primaryimage"},"thumbnailUrl":"https:\/\/aptgadget.com\/wp-content\/uploads\/2015\/10\/apple-event-sept9-2015-ipadpro-2950.jpg","datePublished":"2016-03-21T03:27:46+00:00","author":{"@id":"https:\/\/aptgadget.com\/#\/schema\/person\/850595301315ce274683e56ff4e6688c"},"description":"The 9.7-inch iPad Pro will complement its 13.3-inch sibling, featuring a 12MP camera, A9X processor chip, 4K video, and 32GB base storage for $599.","breadcrumb":{"@id":"https:\/\/aptgadget.com\/smaller-ipad-pro-to-have-32gb-of-starting-storage-9-7-inch-display-12mp-camera-and-4k-video\/#breadcrumb"},"inLanguage":"fr-FR","potentialAction":[{"@type":"ReadAction","target":["https:\/\/aptgadget.com\/smaller-ipad-pro-to-have-32gb-of-starting-storage-9-7-inch-display-12mp-camera-and-4k-video\/"]}]},{"@type":"ImageObject","inLanguage":"fr-FR","@id":"https:\/\/aptgadget.com\/smaller-ipad-pro-to-have-32gb-of-starting-storage-9-7-inch-display-12mp-camera-and-4k-video\/#primaryimage","url":"https:\/\/aptgadget.com\/wp-content\/uploads\/2015\/10\/apple-event-sept9-2015-ipadpro-2950.jpg","contentUrl":"https:\/\/aptgadget.com\/wp-content\/uploads\/2015\/10\/apple-event-sept9-2015-ipadpro-2950.jpg","width":770,"height":433},{"@type":"BreadcrumbList","@id":"https:\/\/aptgadget.com\/smaller-ipad-pro-to-have-32gb-of-starting-storage-9-7-inch-display-12mp-camera-and-4k-video\/#breadcrumb","itemListElement":[{"@type":"ListItem","position":1,"name":"Home","item":"https:\/\/aptgadget.com\/"},{"@type":"ListItem","position":2,"name":"Smaller iPad Pro to have 32GB of starting storage, 9.7-inch display, 12MP camera, and 4K video"}]},{"@type":"WebSite","@id":"https:\/\/aptgadget.com\/#website","url":"https:\/\/aptgadget.com\/","name":"AptGadget.com","description":"Technology Reviews, Products and News","potentialAction":[{"@type":"SearchAction","target":{"@type":"EntryPoint","urlTemplate":"https:\/\/aptgadget.com\/?s={search_term_string}"},"query-input":{"@type":"PropertyValueSpecification","valueRequired":true,"valueName":"search_term_string"}}],"inLanguage":"fr-FR"},{"@type":"Person","@id":"https:\/\/aptgadget.com\/#\/schema\/person\/850595301315ce274683e56ff4e6688c","name":"Deidre Richardson","image":{"@type":"ImageObject","inLanguage":"fr-FR","@id":"https:\/\/aptgadget.com\/#\/schema\/person\/image\/","url":"https:\/\/secure.gravatar.com\/avatar\/0843267876cf256ec63d9a9245ff444ec923b47544dfad90c37991f31cf7a629?s=96&d=mm&r=g","contentUrl":"https:\/\/secure.gravatar.com\/avatar\/0843267876cf256ec63d9a9245ff444ec923b47544dfad90c37991f31cf7a629?s=96&d=mm&r=g","caption":"Deidre Richardson"},"description":"Deidre Richardson (dual B.A., History and Music, University of North Carolina at Chapel Hill) stumbled upon tech a little later in life than expected. After picking up her first smartphone (the Galaxy S3), the rest is history. She currently writes for SamMobile, the largest Samsung fan site worldwide, as well as smartwatch site smartwatch.me.","url":"https:\/\/aptgadget.com\/fr\/author\/rd31dre\/"}]}},"_links":{"self":[{"href":"https:\/\/aptgadget.com\/fr\/wp-json\/wp\/v2\/posts\/7815","targetHints":{"allow":["GET"]}}],"collection":[{"href":"https:\/\/aptgadget.com\/fr\/wp-json\/wp\/v2\/posts"}],"about":[{"href":"https:\/\/aptgadget.com\/fr\/wp-json\/wp\/v2\/types\/post"}],"author":[{"embeddable":true,"href":"https:\/\/aptgadget.com\/fr\/wp-json\/wp\/v2\/users\/17"}],"replies":[{"embeddable":true,"href":"https:\/\/aptgadget.com\/fr\/wp-json\/wp\/v2\/comments?post=7815"}],"version-history":[{"count":1,"href":"https:\/\/aptgadget.com\/fr\/wp-json\/wp\/v2\/posts\/7815\/revisions"}],"predecessor-version":[{"id":7816,"href":"https:\/\/aptgadget.com\/fr\/wp-json\/wp\/v2\/posts\/7815\/revisions\/7816"}],"wp:featuredmedia":[{"embeddable":true,"href":"https:\/\/aptgadget.com\/fr\/wp-json\/wp\/v2\/media\/5112"}],"wp:attachment":[{"href":"https:\/\/aptgadget.com\/fr\/wp-json\/wp\/v2\/media?parent=7815"}],"wp:term":[{"taxonomy":"category","embeddable":true,"href":"https:\/\/aptgadget.com\/fr\/wp-json\/wp\/v2\/categories?post=7815"},{"taxonomy":"post_tag","embeddable":true,"href":"https:\/\/aptgadget.com\/fr\/wp-json\/wp\/v2\/tags?post=7815"}],"curies":[{"name":"wp","href":"https:\/\/api.w.org\/{rel}","templated":true}]}}