{"id":7841,"date":"2016-03-21T23:53:12","date_gmt":"2016-03-22T03:53:12","guid":{"rendered":"http:\/\/aptgadget.com\/?p=7841"},"modified":"2016-03-22T02:18:38","modified_gmt":"2016-03-22T06:18:38","slug":"ipad-pro-in-pictures","status":"publish","type":"post","link":"https:\/\/aptgadget.com\/fr\/ipad-pro-in-pictures\/","title":{"rendered":"iPad Pro, in pictures"},"content":{"rendered":"<p>Alongside of the iPhone SE, Apple also announced the iPad Pro. Apple wanted to convey that its 9.7-inch iPad Pro is the perfect &#8220;PC replacement&#8221; device, signaling to even Microsoft Windows PC consumers that Apple wants their money.<\/p>\n<p>The iPad Pro comes in both 13.3-inch and 9.7-inch variants, with the 9.7-incher being unveiled today. The device features a 12MP iSight camera instead of the 8MP back camera on the latest iPad Air, with 4K video recording to match both the new iPhone SE and the iPhone 6s and iPhone 6s Plus. Alongside of that, Apple gave the iPad Pro 4o% better reflectivity than all other iPads in its lineup, with increased color saturation and brightness, as well as Retina flash, two ambient sensors that reflect the color of your room or circumstances (akin to Samsung&#8217;s very own Adaptive Display), along with 4 audio speakers (instead of the 2 found on all other iPads), and more.<\/p>\n<p>The iPad Pro will retail for $599 for the 32GB model (no 16GB here, which is rather unusual), and there&#8217;s a 64GB, 128GB, and even 256GB (yes, you read that right!) variant, with pricing going from $599 (32GB), to $749 (128GB), and $899 for the 256GB variant.<\/p>\n<p>The iPad Pro, like the iPhone SE, will come preloaded with iOS 9.3, that brings night shift, alongside of some other enhancements and bug fixes.<\/p>\n<p>So, what do you think? Picking up the 256GB iPad Pro?<\/p>\n<p>To find out more, check out the iPad Pro photo gallery below.<\/p>\n<div id='gallery-1' class='gallery galleryid-7841 gallery-columns-3 gallery-size-thumbnail'><figure class='gallery-item'>\n\t\t\t<div class='gallery-icon landscape'>\n\t\t\t\t<a href='https:\/\/aptgadget.com\/fr\/ipad-pro-in-pictures\/screenshot-2016-03-22-02-02-50\/'><img loading=\"lazy\" decoding=\"async\" width=\"150\" height=\"150\" src=\"https:\/\/aptgadget.com\/wp-content\/uploads\/2016\/03\/Screenshot-2016-03-22-02.02.50-e1458627505842-150x150.png\" class=\"attachment-thumbnail size-thumbnail\" alt=\"\" \/><\/a>\n\t\t\t<\/div><\/figure>\n\t\t<\/div>\n\n<p>&nbsp;<\/p>","protected":false},"excerpt":{"rendered":"<p>Alongside of the iPhone SE, Apple also announced the iPad Pro. Apple wanted to convey that its 9.7-inch iPad Pro is the perfect &#8220;PC replacement&#8221; device, signaling to even Microsoft Windows PC consumers that Apple wants their money. The iPad Pro comes in both 13.3-inch and 9.7-inch variants, with the 9.7-incher being unveiled today. The &hellip;<\/p>","protected":false},"author":17,"featured_media":7884,"comment_status":"open","ping_status":"open","sticky":false,"template":"","format":"standard","meta":{"footnotes":""},"categories":[10],"tags":[],"class_list":["post-7841","post","type-post","status-publish","format-standard","has-post-thumbnail","hentry","category-news"],"yoast_head":"<!-- This site is optimized with the Yoast SEO Premium plugin v27.1 (Yoast SEO v27.1.1) - https:\/\/yoast.com\/product\/yoast-seo-premium-wordpress\/ -->\n<title>iPad Pro, in pictures - AptGadget.com<\/title>\n<meta name=\"description\" content=\"The iPad Pro was announced today, bringing 4 speakers, two ambient sensors, the latest in iOS 9.3, better reflectivity in sunlight, and color saturation.\" \/>\n<meta name=\"robots\" content=\"index, follow, max-snippet:-1, max-image-preview:large, max-video-preview:-1\" \/>\n<link rel=\"canonical\" href=\"https:\/\/aptgadget.com\/fr\/ipad-pro-in-pictures\/\" \/>\n<meta property=\"og:locale\" content=\"fr_FR\" \/>\n<meta property=\"og:type\" content=\"article\" \/>\n<meta property=\"og:title\" content=\"iPad Pro, in pictures\" \/>\n<meta property=\"og:description\" content=\"The iPad Pro was announced today, bringing 4 speakers, two ambient sensors, the latest in iOS 9.3, better reflectivity in sunlight, and color saturation.\" \/>\n<meta property=\"og:url\" content=\"https:\/\/aptgadget.com\/fr\/ipad-pro-in-pictures\/\" \/>\n<meta property=\"og:site_name\" content=\"AptGadget.com\" \/>\n<meta property=\"article:published_time\" content=\"2016-03-22T03:53:12+00:00\" \/>\n<meta property=\"article:modified_time\" content=\"2016-03-22T06:18:38+00:00\" \/>\n<meta property=\"og:image\" content=\"https:\/\/aptgadget.com\/wp-content\/uploads\/2016\/03\/Screenshot-2016-03-22-02.02.50-e1458627505842.png\" \/>\n\t<meta property=\"og:image:width\" content=\"608\" \/>\n\t<meta property=\"og:image:height\" content=\"373\" \/>\n\t<meta property=\"og:image:type\" content=\"image\/png\" \/>\n<meta name=\"author\" content=\"Deidre Richardson\" \/>\n<meta name=\"twitter:label1\" content=\"\u00c9crit par\" \/>\n\t<meta name=\"twitter:data1\" content=\"Deidre Richardson\" \/>\n\t<meta name=\"twitter:label2\" content=\"Dur\u00e9e de lecture estim\u00e9e\" \/>\n\t<meta name=\"twitter:data2\" content=\"1 minute\" \/>\n<script type=\"application\/ld+json\" class=\"yoast-schema-graph\">{\"@context\":\"https:\/\/schema.org\",\"@graph\":[{\"@type\":\"Article\",\"@id\":\"https:\/\/aptgadget.com\/ipad-pro-in-pictures\/#article\",\"isPartOf\":{\"@id\":\"https:\/\/aptgadget.com\/ipad-pro-in-pictures\/\"},\"author\":{\"name\":\"Deidre Richardson\",\"@id\":\"https:\/\/aptgadget.com\/#\/schema\/person\/850595301315ce274683e56ff4e6688c\"},\"headline\":\"iPad Pro, in pictures\",\"datePublished\":\"2016-03-22T03:53:12+00:00\",\"dateModified\":\"2016-03-22T06:18:38+00:00\",\"mainEntityOfPage\":{\"@id\":\"https:\/\/aptgadget.com\/ipad-pro-in-pictures\/\"},\"wordCount\":252,\"commentCount\":0,\"image\":{\"@id\":\"https:\/\/aptgadget.com\/ipad-pro-in-pictures\/#primaryimage\"},\"thumbnailUrl\":\"https:\/\/aptgadget.com\/wp-content\/uploads\/2016\/03\/Screenshot-2016-03-22-02.02.50-e1458627505842.png\",\"articleSection\":[\"News\"],\"inLanguage\":\"fr-FR\",\"potentialAction\":[{\"@type\":\"CommentAction\",\"name\":\"Comment\",\"target\":[\"https:\/\/aptgadget.com\/ipad-pro-in-pictures\/#respond\"]}]},{\"@type\":\"WebPage\",\"@id\":\"https:\/\/aptgadget.com\/ipad-pro-in-pictures\/\",\"url\":\"https:\/\/aptgadget.com\/ipad-pro-in-pictures\/\",\"name\":\"iPad Pro, in pictures - AptGadget.com\",\"isPartOf\":{\"@id\":\"https:\/\/aptgadget.com\/#website\"},\"primaryImageOfPage\":{\"@id\":\"https:\/\/aptgadget.com\/ipad-pro-in-pictures\/#primaryimage\"},\"image\":{\"@id\":\"https:\/\/aptgadget.com\/ipad-pro-in-pictures\/#primaryimage\"},\"thumbnailUrl\":\"https:\/\/aptgadget.com\/wp-content\/uploads\/2016\/03\/Screenshot-2016-03-22-02.02.50-e1458627505842.png\",\"datePublished\":\"2016-03-22T03:53:12+00:00\",\"dateModified\":\"2016-03-22T06:18:38+00:00\",\"author\":{\"@id\":\"https:\/\/aptgadget.com\/#\/schema\/person\/850595301315ce274683e56ff4e6688c\"},\"description\":\"The iPad Pro was announced today, bringing 4 speakers, two ambient sensors, the latest in iOS 9.3, better reflectivity in sunlight, and color saturation.\",\"breadcrumb\":{\"@id\":\"https:\/\/aptgadget.com\/ipad-pro-in-pictures\/#breadcrumb\"},\"inLanguage\":\"fr-FR\",\"potentialAction\":[{\"@type\":\"ReadAction\",\"target\":[\"https:\/\/aptgadget.com\/ipad-pro-in-pictures\/\"]}]},{\"@type\":\"ImageObject\",\"inLanguage\":\"fr-FR\",\"@id\":\"https:\/\/aptgadget.com\/ipad-pro-in-pictures\/#primaryimage\",\"url\":\"https:\/\/aptgadget.com\/wp-content\/uploads\/2016\/03\/Screenshot-2016-03-22-02.02.50-e1458627505842.png\",\"contentUrl\":\"https:\/\/aptgadget.com\/wp-content\/uploads\/2016\/03\/Screenshot-2016-03-22-02.02.50-e1458627505842.png\",\"width\":608,\"height\":373},{\"@type\":\"BreadcrumbList\",\"@id\":\"https:\/\/aptgadget.com\/ipad-pro-in-pictures\/#breadcrumb\",\"itemListElement\":[{\"@type\":\"ListItem\",\"position\":1,\"name\":\"Home\",\"item\":\"https:\/\/aptgadget.com\/\"},{\"@type\":\"ListItem\",\"position\":2,\"name\":\"iPad Pro, in pictures\"}]},{\"@type\":\"WebSite\",\"@id\":\"https:\/\/aptgadget.com\/#website\",\"url\":\"https:\/\/aptgadget.com\/\",\"name\":\"AptGadget.com\",\"description\":\"Technology Reviews, Products and News\",\"potentialAction\":[{\"@type\":\"SearchAction\",\"target\":{\"@type\":\"EntryPoint\",\"urlTemplate\":\"https:\/\/aptgadget.com\/?s={search_term_string}\"},\"query-input\":{\"@type\":\"PropertyValueSpecification\",\"valueRequired\":true,\"valueName\":\"search_term_string\"}}],\"inLanguage\":\"fr-FR\"},{\"@type\":\"Person\",\"@id\":\"https:\/\/aptgadget.com\/#\/schema\/person\/850595301315ce274683e56ff4e6688c\",\"name\":\"Deidre Richardson\",\"image\":{\"@type\":\"ImageObject\",\"inLanguage\":\"fr-FR\",\"@id\":\"https:\/\/aptgadget.com\/#\/schema\/person\/image\/\",\"url\":\"https:\/\/secure.gravatar.com\/avatar\/0843267876cf256ec63d9a9245ff444ec923b47544dfad90c37991f31cf7a629?s=96&d=mm&r=g\",\"contentUrl\":\"https:\/\/secure.gravatar.com\/avatar\/0843267876cf256ec63d9a9245ff444ec923b47544dfad90c37991f31cf7a629?s=96&d=mm&r=g\",\"caption\":\"Deidre Richardson\"},\"description\":\"Deidre Richardson (dual B.A., History and Music, University of North Carolina at Chapel Hill) stumbled upon tech a little later in life than expected. After picking up her first smartphone (the Galaxy S3), the rest is history. She currently writes for SamMobile, the largest Samsung fan site worldwide, as well as smartwatch site smartwatch.me.\",\"url\":\"https:\/\/aptgadget.com\/fr\/author\/rd31dre\/\"}]}<\/script>\n<!-- \/ Yoast SEO Premium plugin. -->","yoast_head_json":{"title":"iPad Pro, in pictures - AptGadget.com","description":"The iPad Pro was announced today, bringing 4 speakers, two ambient sensors, the latest in iOS 9.3, better reflectivity in sunlight, and color saturation.","robots":{"index":"index","follow":"follow","max-snippet":"max-snippet:-1","max-image-preview":"max-image-preview:large","max-video-preview":"max-video-preview:-1"},"canonical":"https:\/\/aptgadget.com\/fr\/ipad-pro-in-pictures\/","og_locale":"fr_FR","og_type":"article","og_title":"iPad Pro, in pictures","og_description":"The iPad Pro was announced today, bringing 4 speakers, two ambient sensors, the latest in iOS 9.3, better reflectivity in sunlight, and color saturation.","og_url":"https:\/\/aptgadget.com\/fr\/ipad-pro-in-pictures\/","og_site_name":"AptGadget.com","article_published_time":"2016-03-22T03:53:12+00:00","article_modified_time":"2016-03-22T06:18:38+00:00","og_image":[{"width":608,"height":373,"url":"https:\/\/aptgadget.com\/wp-content\/uploads\/2016\/03\/Screenshot-2016-03-22-02.02.50-e1458627505842.png","type":"image\/png"}],"author":"Deidre Richardson","twitter_misc":{"\u00c9crit par":"Deidre Richardson","Dur\u00e9e de lecture estim\u00e9e":"1 minute"},"schema":{"@context":"https:\/\/schema.org","@graph":[{"@type":"Article","@id":"https:\/\/aptgadget.com\/ipad-pro-in-pictures\/#article","isPartOf":{"@id":"https:\/\/aptgadget.com\/ipad-pro-in-pictures\/"},"author":{"name":"Deidre Richardson","@id":"https:\/\/aptgadget.com\/#\/schema\/person\/850595301315ce274683e56ff4e6688c"},"headline":"iPad Pro, in pictures","datePublished":"2016-03-22T03:53:12+00:00","dateModified":"2016-03-22T06:18:38+00:00","mainEntityOfPage":{"@id":"https:\/\/aptgadget.com\/ipad-pro-in-pictures\/"},"wordCount":252,"commentCount":0,"image":{"@id":"https:\/\/aptgadget.com\/ipad-pro-in-pictures\/#primaryimage"},"thumbnailUrl":"https:\/\/aptgadget.com\/wp-content\/uploads\/2016\/03\/Screenshot-2016-03-22-02.02.50-e1458627505842.png","articleSection":["News"],"inLanguage":"fr-FR","potentialAction":[{"@type":"CommentAction","name":"Comment","target":["https:\/\/aptgadget.com\/ipad-pro-in-pictures\/#respond"]}]},{"@type":"WebPage","@id":"https:\/\/aptgadget.com\/ipad-pro-in-pictures\/","url":"https:\/\/aptgadget.com\/ipad-pro-in-pictures\/","name":"iPad Pro, in pictures - AptGadget.com","isPartOf":{"@id":"https:\/\/aptgadget.com\/#website"},"primaryImageOfPage":{"@id":"https:\/\/aptgadget.com\/ipad-pro-in-pictures\/#primaryimage"},"image":{"@id":"https:\/\/aptgadget.com\/ipad-pro-in-pictures\/#primaryimage"},"thumbnailUrl":"https:\/\/aptgadget.com\/wp-content\/uploads\/2016\/03\/Screenshot-2016-03-22-02.02.50-e1458627505842.png","datePublished":"2016-03-22T03:53:12+00:00","dateModified":"2016-03-22T06:18:38+00:00","author":{"@id":"https:\/\/aptgadget.com\/#\/schema\/person\/850595301315ce274683e56ff4e6688c"},"description":"The iPad Pro was announced today, bringing 4 speakers, two ambient sensors, the latest in iOS 9.3, better reflectivity in sunlight, and color saturation.","breadcrumb":{"@id":"https:\/\/aptgadget.com\/ipad-pro-in-pictures\/#breadcrumb"},"inLanguage":"fr-FR","potentialAction":[{"@type":"ReadAction","target":["https:\/\/aptgadget.com\/ipad-pro-in-pictures\/"]}]},{"@type":"ImageObject","inLanguage":"fr-FR","@id":"https:\/\/aptgadget.com\/ipad-pro-in-pictures\/#primaryimage","url":"https:\/\/aptgadget.com\/wp-content\/uploads\/2016\/03\/Screenshot-2016-03-22-02.02.50-e1458627505842.png","contentUrl":"https:\/\/aptgadget.com\/wp-content\/uploads\/2016\/03\/Screenshot-2016-03-22-02.02.50-e1458627505842.png","width":608,"height":373},{"@type":"BreadcrumbList","@id":"https:\/\/aptgadget.com\/ipad-pro-in-pictures\/#breadcrumb","itemListElement":[{"@type":"ListItem","position":1,"name":"Home","item":"https:\/\/aptgadget.com\/"},{"@type":"ListItem","position":2,"name":"iPad Pro, in pictures"}]},{"@type":"WebSite","@id":"https:\/\/aptgadget.com\/#website","url":"https:\/\/aptgadget.com\/","name":"AptGadget.com","description":"Technology Reviews, Products and News","potentialAction":[{"@type":"SearchAction","target":{"@type":"EntryPoint","urlTemplate":"https:\/\/aptgadget.com\/?s={search_term_string}"},"query-input":{"@type":"PropertyValueSpecification","valueRequired":true,"valueName":"search_term_string"}}],"inLanguage":"fr-FR"},{"@type":"Person","@id":"https:\/\/aptgadget.com\/#\/schema\/person\/850595301315ce274683e56ff4e6688c","name":"Deidre Richardson","image":{"@type":"ImageObject","inLanguage":"fr-FR","@id":"https:\/\/aptgadget.com\/#\/schema\/person\/image\/","url":"https:\/\/secure.gravatar.com\/avatar\/0843267876cf256ec63d9a9245ff444ec923b47544dfad90c37991f31cf7a629?s=96&d=mm&r=g","contentUrl":"https:\/\/secure.gravatar.com\/avatar\/0843267876cf256ec63d9a9245ff444ec923b47544dfad90c37991f31cf7a629?s=96&d=mm&r=g","caption":"Deidre Richardson"},"description":"Deidre Richardson (dual B.A., History and Music, University of North Carolina at Chapel Hill) stumbled upon tech a little later in life than expected. After picking up her first smartphone (the Galaxy S3), the rest is history. She currently writes for SamMobile, the largest Samsung fan site worldwide, as well as smartwatch site smartwatch.me.","url":"https:\/\/aptgadget.com\/fr\/author\/rd31dre\/"}]}},"_links":{"self":[{"href":"https:\/\/aptgadget.com\/fr\/wp-json\/wp\/v2\/posts\/7841","targetHints":{"allow":["GET"]}}],"collection":[{"href":"https:\/\/aptgadget.com\/fr\/wp-json\/wp\/v2\/posts"}],"about":[{"href":"https:\/\/aptgadget.com\/fr\/wp-json\/wp\/v2\/types\/post"}],"author":[{"embeddable":true,"href":"https:\/\/aptgadget.com\/fr\/wp-json\/wp\/v2\/users\/17"}],"replies":[{"embeddable":true,"href":"https:\/\/aptgadget.com\/fr\/wp-json\/wp\/v2\/comments?post=7841"}],"version-history":[{"count":4,"href":"https:\/\/aptgadget.com\/fr\/wp-json\/wp\/v2\/posts\/7841\/revisions"}],"predecessor-version":[{"id":7892,"href":"https:\/\/aptgadget.com\/fr\/wp-json\/wp\/v2\/posts\/7841\/revisions\/7892"}],"wp:featuredmedia":[{"embeddable":true,"href":"https:\/\/aptgadget.com\/fr\/wp-json\/wp\/v2\/media\/7884"}],"wp:attachment":[{"href":"https:\/\/aptgadget.com\/fr\/wp-json\/wp\/v2\/media?parent=7841"}],"wp:term":[{"taxonomy":"category","embeddable":true,"href":"https:\/\/aptgadget.com\/fr\/wp-json\/wp\/v2\/categories?post=7841"},{"taxonomy":"post_tag","embeddable":true,"href":"https:\/\/aptgadget.com\/fr\/wp-json\/wp\/v2\/tags?post=7841"}],"curies":[{"name":"wp","href":"https:\/\/api.w.org\/{rel}","templated":true}]}}