{"id":1599,"date":"2015-03-05T23:45:16","date_gmt":"2015-03-06T04:45:16","guid":{"rendered":"http:\/\/aptgadget.com\/?p=1599"},"modified":"2015-03-05T23:45:16","modified_gmt":"2015-03-06T04:45:16","slug":"apple-to-delay-larger-ipad-pro-production-till-september","status":"publish","type":"post","link":"https:\/\/aptgadget.com\/tr\/apple-to-delay-larger-ipad-pro-production-till-september\/","title":{"rendered":"Apple daha b\u00fcy\u00fck iPad Pro \u00fcretimini Eyl\u00fcl ay\u0131na kadar erteleyecek"},"content":{"rendered":"<p>sitesinde yay\u0131nlanan son rapora g\u00f6re <a href=\"http:\/\/www.bloomberg.com\/news\/articles\/2015-03-04\/apple-said-to-delay-larger-ipad-production-on-panel-challenges\" target=\"_blank\" rel=\"noopener\">Bloomberg<\/a>Apple, daha b\u00fcy\u00fck iPad'in \u00fcretimini 2015 sonbahar\u0131na kadar erteleyecek. Daha b\u00fcy\u00fck iPad'in 12.9 in\u00e7 ekrana sahip olaca\u011f\u0131 s\u00f6yleniyor ve daha \u00f6nce 2015'te gelmesi bekleniyordu ancak son rapor aksini g\u00f6steriyor. iPad Pro olarak da adland\u0131r\u0131lan yeni iPad'in 2015'in ilk yar\u0131s\u0131nda \u00fcretime girmesi planlan\u0131yordu ancak tedarik sorunlar\u0131 nedeniyle \u00fcretim Eyl\u00fcl ay\u0131na ertelendi.<\/p>\n<p>B\u00fcy\u00fck ekranl\u0131 bir iPad'in arkas\u0131ndaki fikir, Mac OS X kullan\u0131c\u0131lar\u0131n\u0131 \u00e7ekerek son birka\u00e7 ayd\u0131r d\u00fc\u015fen Apple tablet sat\u0131\u015flar\u0131n\u0131 art\u0131rmak. Bir zamanlar iPhone ve iPad tablet sat\u0131\u015flar\u0131n\u0131n yakla\u015f\u0131k 2\/3'\u00fcn\u00fc olu\u015fturuyordu.<sup>rd<\/sup> toplam Apple sat\u0131\u015flar\u0131n\u0131n 'sini olu\u015fturuyor. Ancak \u015fimdi iPhone rekorlar k\u0131r\u0131yor ve yeni zirvelere ula\u015f\u0131yor, iPad ise d\u00fc\u015f\u00fc\u015fte.<\/p>\n<p>Daha b\u00fcy\u00fck iPad ile ilgili ba\u015fka haberler de var. WSJ'ye g\u00f6re Apple, 12.9 in\u00e7 iPad modeline bir USB 3.0 portu ve bir fare giri\u015f deste\u011fi koymay\u0131 d\u00fc\u015f\u00fcn\u00fcyor. \u0130lk kez b\u00f6yle bir s\u00f6ylenti ortaya \u00e7\u0131k\u0131yor ve Apple'\u0131n iPad Pro i\u00e7in USB 3.0 \u00fczerinden ba\u011flanabilen ilk harici giri\u015f cihaz\u0131n\u0131 \u00fcretece\u011fine i\u015faret ediyor. Ayr\u0131ca fare giri\u015fi deste\u011finin de sunulmas\u0131, s\u00f6ylentilere konu olan b\u00fcy\u00fck ekranl\u0131 iPad'in fare ve klavye ile de ba\u011flanabilece\u011fi anlam\u0131na gelebilir.<\/p>\n<p>Apple, Ekim ay\u0131nda daha iyi \u00f6zelliklere ve daha h\u0131zl\u0131 i\u015flemciye sahip yeni iPad Air 2 ve iPad Mini 3'\u00fc duyurdu ancak bu daha fazla al\u0131c\u0131 \u00e7ekmek i\u00e7in yeterli olmad\u0131. iPhone'lar\u0131n aksine, iPad'in \u00e7ok daha uzun bir y\u00fckseltme d\u00f6ng\u00fcs\u00fc var ve bu da iPad'in \u00f6nceki sahiplerinin y\u00fckseltme yapmak ya da yeni bir tablet almak istediklerinde cihaz\u0131 arkada\u015flar\u0131na ve akrabalar\u0131na devretmelerine olanak tan\u0131yor. Yukar\u0131daki t\u00fcm bilgileri \u00f6zetleyecek olursak, Apple'\u0131n iPad serisinde baz\u0131 k\u00f6kl\u00fc de\u011fi\u015fiklikler yapmaya \u00e7al\u0131\u015faca\u011f\u0131 ve b\u00f6ylece potansiyel al\u0131c\u0131lar\u0131 sat\u0131n almaya \u00e7ekebilece\u011fi mant\u0131kl\u0131 g\u00f6r\u00fcn\u00fcyor.<\/p>","protected":false},"excerpt":{"rendered":"<p>According to a latest report published on Bloomberg, Apple is going to delay the production of larger iPad until fall, 2015. The larger iPad is rumored to have a 12.9 inch screen and was previously expected to come in 2015 but the latest report suggests otherwise. The new iPad, also dubbed as iPad Pro, was &hellip;<\/p>","protected":false},"author":3,"featured_media":1600,"comment_status":"open","ping_status":"open","sticky":false,"template":"","format":"standard","meta":{"footnotes":""},"categories":[10],"tags":[],"class_list":["post-1599","post","type-post","status-publish","format-standard","has-post-thumbnail","hentry","category-news"],"yoast_head":"<!-- This site is optimized with the Yoast SEO Premium plugin v27.1 (Yoast SEO v27.1.1) - https:\/\/yoast.com\/product\/yoast-seo-premium-wordpress\/ -->\n<title>Apple to delay larger iPad Pro production till September - AptGadget.com<\/title>\n<meta name=\"robots\" content=\"index, follow, max-snippet:-1, max-image-preview:large, max-video-preview:-1\" \/>\n<link rel=\"canonical\" href=\"https:\/\/aptgadget.com\/tr\/apple-to-delay-larger-ipad-pro-production-till-september\/\" \/>\n<meta property=\"og:locale\" content=\"tr_TR\" \/>\n<meta property=\"og:type\" content=\"article\" \/>\n<meta property=\"og:title\" content=\"Apple to delay larger iPad Pro production till September\" \/>\n<meta property=\"og:description\" content=\"According to a latest report published on Bloomberg, Apple is going to delay the production of larger iPad until fall, 2015. The larger iPad is rumored to have a 12.9 inch screen and was previously expected to come in 2015 but the latest report suggests otherwise. The new iPad, also dubbed as iPad Pro, was &hellip;\" \/>\n<meta property=\"og:url\" content=\"https:\/\/aptgadget.com\/tr\/apple-to-delay-larger-ipad-pro-production-till-september\/\" \/>\n<meta property=\"og:site_name\" content=\"AptGadget.com\" \/>\n<meta property=\"article:published_time\" content=\"2015-03-06T04:45:16+00:00\" \/>\n<meta property=\"og:image\" content=\"https:\/\/aptgadget.com\/wp-content\/uploads\/2015\/03\/asdf.jpg\" \/>\n\t<meta property=\"og:image:width\" content=\"693\" \/>\n\t<meta property=\"og:image:height\" content=\"399\" \/>\n\t<meta property=\"og:image:type\" content=\"image\/jpeg\" \/>\n<meta name=\"author\" content=\"Adeel Inam\" \/>\n<meta name=\"twitter:label1\" content=\"Yazan:\" \/>\n\t<meta name=\"twitter:data1\" content=\"Adeel Inam\" \/>\n\t<meta name=\"twitter:label2\" content=\"Tahmini okuma s\u00fcresi\" \/>\n\t<meta name=\"twitter:data2\" content=\"2 dakika\" \/>\n<script type=\"application\/ld+json\" class=\"yoast-schema-graph\">{\"@context\":\"https:\/\/schema.org\",\"@graph\":[{\"@type\":\"Article\",\"@id\":\"https:\/\/aptgadget.com\/apple-to-delay-larger-ipad-pro-production-till-september\/#article\",\"isPartOf\":{\"@id\":\"https:\/\/aptgadget.com\/apple-to-delay-larger-ipad-pro-production-till-september\/\"},\"author\":{\"name\":\"Adeel Inam\",\"@id\":\"https:\/\/aptgadget.com\/#\/schema\/person\/548c03ef53e5d102e9bf442adeaf04ef\"},\"headline\":\"Apple to delay larger iPad Pro production till September\",\"datePublished\":\"2015-03-06T04:45:16+00:00\",\"mainEntityOfPage\":{\"@id\":\"https:\/\/aptgadget.com\/apple-to-delay-larger-ipad-pro-production-till-september\/\"},\"wordCount\":334,\"commentCount\":0,\"image\":{\"@id\":\"https:\/\/aptgadget.com\/apple-to-delay-larger-ipad-pro-production-till-september\/#primaryimage\"},\"thumbnailUrl\":\"https:\/\/aptgadget.com\/wp-content\/uploads\/2015\/03\/asdf.jpg\",\"articleSection\":[\"News\"],\"inLanguage\":\"tr\",\"potentialAction\":[{\"@type\":\"CommentAction\",\"name\":\"Comment\",\"target\":[\"https:\/\/aptgadget.com\/apple-to-delay-larger-ipad-pro-production-till-september\/#respond\"]}]},{\"@type\":\"WebPage\",\"@id\":\"https:\/\/aptgadget.com\/apple-to-delay-larger-ipad-pro-production-till-september\/\",\"url\":\"https:\/\/aptgadget.com\/apple-to-delay-larger-ipad-pro-production-till-september\/\",\"name\":\"Apple to delay larger iPad Pro production till September - AptGadget.com\",\"isPartOf\":{\"@id\":\"https:\/\/aptgadget.com\/#website\"},\"primaryImageOfPage\":{\"@id\":\"https:\/\/aptgadget.com\/apple-to-delay-larger-ipad-pro-production-till-september\/#primaryimage\"},\"image\":{\"@id\":\"https:\/\/aptgadget.com\/apple-to-delay-larger-ipad-pro-production-till-september\/#primaryimage\"},\"thumbnailUrl\":\"https:\/\/aptgadget.com\/wp-content\/uploads\/2015\/03\/asdf.jpg\",\"datePublished\":\"2015-03-06T04:45:16+00:00\",\"author\":{\"@id\":\"https:\/\/aptgadget.com\/#\/schema\/person\/548c03ef53e5d102e9bf442adeaf04ef\"},\"breadcrumb\":{\"@id\":\"https:\/\/aptgadget.com\/apple-to-delay-larger-ipad-pro-production-till-september\/#breadcrumb\"},\"inLanguage\":\"tr\",\"potentialAction\":[{\"@type\":\"ReadAction\",\"target\":[\"https:\/\/aptgadget.com\/apple-to-delay-larger-ipad-pro-production-till-september\/\"]}]},{\"@type\":\"ImageObject\",\"inLanguage\":\"tr\",\"@id\":\"https:\/\/aptgadget.com\/apple-to-delay-larger-ipad-pro-production-till-september\/#primaryimage\",\"url\":\"https:\/\/aptgadget.com\/wp-content\/uploads\/2015\/03\/asdf.jpg\",\"contentUrl\":\"https:\/\/aptgadget.com\/wp-content\/uploads\/2015\/03\/asdf.jpg\",\"width\":693,\"height\":399},{\"@type\":\"BreadcrumbList\",\"@id\":\"https:\/\/aptgadget.com\/apple-to-delay-larger-ipad-pro-production-till-september\/#breadcrumb\",\"itemListElement\":[{\"@type\":\"ListItem\",\"position\":1,\"name\":\"Home\",\"item\":\"https:\/\/aptgadget.com\/\"},{\"@type\":\"ListItem\",\"position\":2,\"name\":\"Apple to delay larger iPad Pro production till September\"}]},{\"@type\":\"WebSite\",\"@id\":\"https:\/\/aptgadget.com\/#website\",\"url\":\"https:\/\/aptgadget.com\/\",\"name\":\"AptGadget.com\",\"description\":\"Technology Reviews, Products and News\",\"potentialAction\":[{\"@type\":\"SearchAction\",\"target\":{\"@type\":\"EntryPoint\",\"urlTemplate\":\"https:\/\/aptgadget.com\/?s={search_term_string}\"},\"query-input\":{\"@type\":\"PropertyValueSpecification\",\"valueRequired\":true,\"valueName\":\"search_term_string\"}}],\"inLanguage\":\"tr\"},{\"@type\":\"Person\",\"@id\":\"https:\/\/aptgadget.com\/#\/schema\/person\/548c03ef53e5d102e9bf442adeaf04ef\",\"name\":\"Adeel Inam\",\"image\":{\"@type\":\"ImageObject\",\"inLanguage\":\"tr\",\"@id\":\"https:\/\/aptgadget.com\/#\/schema\/person\/image\/\",\"url\":\"https:\/\/secure.gravatar.com\/avatar\/eb5bf89d2d45a77aa3434c5444d068f4c7bb36e3bc63ca945f09d1c7104cddba?s=96&d=mm&r=g\",\"contentUrl\":\"https:\/\/secure.gravatar.com\/avatar\/eb5bf89d2d45a77aa3434c5444d068f4c7bb36e3bc63ca945f09d1c7104cddba?s=96&d=mm&r=g\",\"caption\":\"Adeel Inam\"},\"url\":\"https:\/\/aptgadget.com\/tr\/author\/adeel\/\"}]}<\/script>\n<!-- \/ Yoast SEO Premium plugin. -->","yoast_head_json":{"title":"Apple to delay larger iPad Pro production till September - AptGadget.com","robots":{"index":"index","follow":"follow","max-snippet":"max-snippet:-1","max-image-preview":"max-image-preview:large","max-video-preview":"max-video-preview:-1"},"canonical":"https:\/\/aptgadget.com\/tr\/apple-to-delay-larger-ipad-pro-production-till-september\/","og_locale":"tr_TR","og_type":"article","og_title":"Apple to delay larger iPad Pro production till September","og_description":"According to a latest report published on Bloomberg, Apple is going to delay the production of larger iPad until fall, 2015. The larger iPad is rumored to have a 12.9 inch screen and was previously expected to come in 2015 but the latest report suggests otherwise. The new iPad, also dubbed as iPad Pro, was &hellip;","og_url":"https:\/\/aptgadget.com\/tr\/apple-to-delay-larger-ipad-pro-production-till-september\/","og_site_name":"AptGadget.com","article_published_time":"2015-03-06T04:45:16+00:00","og_image":[{"width":693,"height":399,"url":"https:\/\/aptgadget.com\/wp-content\/uploads\/2015\/03\/asdf.jpg","type":"image\/jpeg"}],"author":"Adeel Inam","twitter_misc":{"Yazan:":"Adeel Inam","Tahmini okuma s\u00fcresi":"2 dakika"},"schema":{"@context":"https:\/\/schema.org","@graph":[{"@type":"Article","@id":"https:\/\/aptgadget.com\/apple-to-delay-larger-ipad-pro-production-till-september\/#article","isPartOf":{"@id":"https:\/\/aptgadget.com\/apple-to-delay-larger-ipad-pro-production-till-september\/"},"author":{"name":"Adeel Inam","@id":"https:\/\/aptgadget.com\/#\/schema\/person\/548c03ef53e5d102e9bf442adeaf04ef"},"headline":"Apple to delay larger iPad Pro production till September","datePublished":"2015-03-06T04:45:16+00:00","mainEntityOfPage":{"@id":"https:\/\/aptgadget.com\/apple-to-delay-larger-ipad-pro-production-till-september\/"},"wordCount":334,"commentCount":0,"image":{"@id":"https:\/\/aptgadget.com\/apple-to-delay-larger-ipad-pro-production-till-september\/#primaryimage"},"thumbnailUrl":"https:\/\/aptgadget.com\/wp-content\/uploads\/2015\/03\/asdf.jpg","articleSection":["News"],"inLanguage":"tr","potentialAction":[{"@type":"CommentAction","name":"Comment","target":["https:\/\/aptgadget.com\/apple-to-delay-larger-ipad-pro-production-till-september\/#respond"]}]},{"@type":"WebPage","@id":"https:\/\/aptgadget.com\/apple-to-delay-larger-ipad-pro-production-till-september\/","url":"https:\/\/aptgadget.com\/apple-to-delay-larger-ipad-pro-production-till-september\/","name":"Apple to delay larger iPad Pro production till September - AptGadget.com","isPartOf":{"@id":"https:\/\/aptgadget.com\/#website"},"primaryImageOfPage":{"@id":"https:\/\/aptgadget.com\/apple-to-delay-larger-ipad-pro-production-till-september\/#primaryimage"},"image":{"@id":"https:\/\/aptgadget.com\/apple-to-delay-larger-ipad-pro-production-till-september\/#primaryimage"},"thumbnailUrl":"https:\/\/aptgadget.com\/wp-content\/uploads\/2015\/03\/asdf.jpg","datePublished":"2015-03-06T04:45:16+00:00","author":{"@id":"https:\/\/aptgadget.com\/#\/schema\/person\/548c03ef53e5d102e9bf442adeaf04ef"},"breadcrumb":{"@id":"https:\/\/aptgadget.com\/apple-to-delay-larger-ipad-pro-production-till-september\/#breadcrumb"},"inLanguage":"tr","potentialAction":[{"@type":"ReadAction","target":["https:\/\/aptgadget.com\/apple-to-delay-larger-ipad-pro-production-till-september\/"]}]},{"@type":"ImageObject","inLanguage":"tr","@id":"https:\/\/aptgadget.com\/apple-to-delay-larger-ipad-pro-production-till-september\/#primaryimage","url":"https:\/\/aptgadget.com\/wp-content\/uploads\/2015\/03\/asdf.jpg","contentUrl":"https:\/\/aptgadget.com\/wp-content\/uploads\/2015\/03\/asdf.jpg","width":693,"height":399},{"@type":"BreadcrumbList","@id":"https:\/\/aptgadget.com\/apple-to-delay-larger-ipad-pro-production-till-september\/#breadcrumb","itemListElement":[{"@type":"ListItem","position":1,"name":"Home","item":"https:\/\/aptgadget.com\/"},{"@type":"ListItem","position":2,"name":"Apple to delay larger iPad Pro production till September"}]},{"@type":"WebSite","@id":"https:\/\/aptgadget.com\/#website","url":"https:\/\/aptgadget.com\/","name":"AptGadget.com","description":"Technology Reviews, Products and News","potentialAction":[{"@type":"SearchAction","target":{"@type":"EntryPoint","urlTemplate":"https:\/\/aptgadget.com\/?s={search_term_string}"},"query-input":{"@type":"PropertyValueSpecification","valueRequired":true,"valueName":"search_term_string"}}],"inLanguage":"tr"},{"@type":"Person","@id":"https:\/\/aptgadget.com\/#\/schema\/person\/548c03ef53e5d102e9bf442adeaf04ef","name":"Adeel Inam","image":{"@type":"ImageObject","inLanguage":"tr","@id":"https:\/\/aptgadget.com\/#\/schema\/person\/image\/","url":"https:\/\/secure.gravatar.com\/avatar\/eb5bf89d2d45a77aa3434c5444d068f4c7bb36e3bc63ca945f09d1c7104cddba?s=96&d=mm&r=g","contentUrl":"https:\/\/secure.gravatar.com\/avatar\/eb5bf89d2d45a77aa3434c5444d068f4c7bb36e3bc63ca945f09d1c7104cddba?s=96&d=mm&r=g","caption":"Adeel Inam"},"url":"https:\/\/aptgadget.com\/tr\/author\/adeel\/"}]}},"_links":{"self":[{"href":"https:\/\/aptgadget.com\/tr\/wp-json\/wp\/v2\/posts\/1599","targetHints":{"allow":["GET"]}}],"collection":[{"href":"https:\/\/aptgadget.com\/tr\/wp-json\/wp\/v2\/posts"}],"about":[{"href":"https:\/\/aptgadget.com\/tr\/wp-json\/wp\/v2\/types\/post"}],"author":[{"embeddable":true,"href":"https:\/\/aptgadget.com\/tr\/wp-json\/wp\/v2\/users\/3"}],"replies":[{"embeddable":true,"href":"https:\/\/aptgadget.com\/tr\/wp-json\/wp\/v2\/comments?post=1599"}],"version-history":[{"count":2,"href":"https:\/\/aptgadget.com\/tr\/wp-json\/wp\/v2\/posts\/1599\/revisions"}],"predecessor-version":[{"id":1602,"href":"https:\/\/aptgadget.com\/tr\/wp-json\/wp\/v2\/posts\/1599\/revisions\/1602"}],"wp:featuredmedia":[{"embeddable":true,"href":"https:\/\/aptgadget.com\/tr\/wp-json\/wp\/v2\/media\/1600"}],"wp:attachment":[{"href":"https:\/\/aptgadget.com\/tr\/wp-json\/wp\/v2\/media?parent=1599"}],"wp:term":[{"taxonomy":"category","embeddable":true,"href":"https:\/\/aptgadget.com\/tr\/wp-json\/wp\/v2\/categories?post=1599"},{"taxonomy":"post_tag","embeddable":true,"href":"https:\/\/aptgadget.com\/tr\/wp-json\/wp\/v2\/tags?post=1599"}],"curies":[{"name":"wp","href":"https:\/\/api.w.org\/{rel}","templated":true}]}}